
{"id":11499,"date":"2015-01-17T13:06:04","date_gmt":"2015-01-17T12:06:04","guid":{"rendered":"http:\/\/www.berlebeck-info.de\/wordpress\/?p=11499"},"modified":"2016-01-29T15:24:35","modified_gmt":"2016-01-29T14:24:35","slug":"gruen-weisse-nacht-2015-pressemitteilung-2","status":"publish","type":"post","link":"https:\/\/berlebeck-info.de\/wordpress\/gruen-weisse-nacht-2015-pressemitteilung-2\/archiv\/","title":{"rendered":"Gr\u00fcn Wei\u00dfe Nacht 2015 &#8211; Pressemitteilung"},"content":{"rendered":"<p><strong>Frischer Wind auf der Gr\u00fcn-Wei\u00dfen B\u00fchne in Berlebeck<\/strong><br \/>\n<strong> Arne Seehrich neuer Moderator bei der Gr\u00fcn-Wei\u00dfen-Nacht 2015<\/strong><\/p>\n<p>Wie in jedem Jahr l\u00e4dt der TuS \u201eFalke\u201c Berlebeck wieder zu seiner traditionellen &#8220;Gr\u00fcn-Wei\u00dfen-Nacht&#8221;, dem Karnevalsevent Lippes, recht herzlich alle Narren aus nah und fern ein! In diesem Jahr werden am 06. und 07. Februar 2015 die N\u00e4chte des Jahres gefeiert!<\/p>\n<p>Schon eine Woche zuvor, am 01.02.2015, wird mit den kleinen Narren die 24. Auflage des Berlebecker Kinderkarnevals gefeiert. Motto des Nachmittags ist \u201eEinmal um die ganze Welt\u201c. Unter der Leitung von Sigrid Dr\u00f6ge und dem Jugendausschuss wird die Festhalle in f\u00fcnf Kontinente verwandelt, unter anderem mit einer gro\u00dfen Eish\u00f6hle, der Chinesischen Mauer und vielem mehr! Das Programm der kleinen Narren hierzu wird mit Spannung erwartet! W\u00e4hrend dieses spannenden Nachmittags tritt ein Liedermacher auf und wird das Publikum mit seiner Show verz\u00fccken! Der Eintritt ist f\u00fcr alle kleinen und gro\u00dfen Narren an diesem Nachmittag frei.<\/p>\n<p>Der Festausschuss, zusammen mit dem neuen Moderator Arne Seehrich, hat wieder von 19.59 Uhr bis ca. 22.00 Uhr ein 2-st\u00fcndiges Showprogramm der Extraklasse mit \u00fcber 100 Mitwirkenden der \u201eFalken\u201c zusammengestellt<\/p>\n<p>Aber auch f\u00fcr die musikalische Unterhaltung ist wieder bestens gesorgt. Mit dabei in Berlebeck ist am Freitag wieder \u201eDJ Move\u201c live aus Ibiza! Mit seiner typischen Art wird er wieder mit Schlagern, Oldies, Chart-Hits und nat\u00fcrlich den Stimmungshits des Karnevals dem Berlebecker Partyvolk einheizen.<\/p>\n<p>F\u00fcr Samstag ist es nun zum ersten Mal gelungen, den TOP-Act aus dem Brauhaus Willingen zu verpflichten! \u201eDJ Tille\u201c wird auf seine eigene, geniale Weise den Jecken auf der Gr\u00fcn-Weissen-Nacht 2015 in Berlebeck einheizen. Es hei\u00dft dann nur noch \u201eFiesta Grande\u201c! Vor dem Programm ab 19.29 Uhr und dann ab ca. 22.00 Uhr wird er mit seinem B\u00fchnenprogramm und \u201eDJ Move\u201c zus\u00e4tzlich, ebenso wie Freitags, die Stimmung richtig anheizen!<\/p>\n<p>Am Samstag findet wieder die gro\u00dfe Kost\u00fcmpr\u00e4mierung statt, die gegen Mitternacht das Programm abrundet!<\/p>\n<p>Die n\u00e4rrischen G\u00e4ste k\u00f6nnen sich an diesen beiden Abenden auf einiges gefasst machen!<\/p>\n<p>Auch in diesem Jahr gibt es wieder die beliebte \u201ehappy hour\u201c am Samstag bis 19.59 Uhr!<\/p>\n<p>Interessierte Narren sollten sich rechtzeitig die begehrten Eintrittskarten f\u00fcr die Gr\u00fcn-Wei\u00dfen-N\u00e4chte sichern!<\/p>\n<p>An beiden Abenden werden die Narren wieder in Massen in den Detmolder S\u00fcden str\u00f6men. Wie schon in den letzten Jahren wird die SVD wieder einen Nachtshuttle von Berlebeck bis zum Detmolder Bahnhof einsetzen, damit die Narren problemlos an- und abreisen k\u00f6nnen. Ganz einfach nach dem Motto \u201eeinfach einsteigen \u2013 und mitfahren\u201c!<\/p>\n<p>F\u00fcr beide Tage werden wieder die beliebten Eintrittskarten im Vorverkauf zu einem g\u00fcnstigeren Preis angeboten.<\/p>\n<p>Der Kartenvorverkauf f\u00fcr die beiden hei\u00dfen Tage der GWN 2015 beginnt am Samstag, 17.01.2015, in den Gesch\u00e4ftsstellen der Lippischen Landeszeitung, der \u201eZeitschrift\u201c in Berlebeck Paderborner Str. 128 und der \u201eReiseagentur mit Herz C. Niggemann\u201c in Heiligenkirchen, Paderborner Str. 65! Es werden auch in diesem Jahr eine begrenzte Anzahl Kinderkarten (5,- \u20ac) f\u00fcr den Freitag angeboten. Diese Karten sind nur in der Berlebecker Vorverkaufsstelle \u201eZeitschrift\u201c erh\u00e4ltlich!<\/p>\n<p>Mehr Infos unter: <a href=\"http:\/\/www.tus-falke.de\" target=\"_blank\">www.tus-falke.de<\/a> oder <a href=\"www.berlebeck-gwn.de\" target=\"_blank\">www.berlebeck-gwn.de<\/a> !<\/p>\n<p>Holt Euch den Kick f\u00fcr das Event im Detmolder S\u00fcden!<\/p>\n<p>Nachtshuttle der SVD zur \u201eGr\u00fcn-Weissen-Nacht-2015\u201c<\/p>\n<p>Ab Berlebeck, Haltestelle Forelle:<\/p>\n<p>In der Nacht zum Samstag: 0.07 Uhr, 1.07 Uhr, 2.07 Uhr<br \/>\nIn der Nacht zum Sonntag: 1.07 Uhr, 2.07 Uhr, 3.07 Uhr<\/p>\n<p>Alle Fahrten des Nachtshuttle enden am Bahnhof Detmold.<\/p>\n","protected":false},"excerpt":{"rendered":"<p>Frischer Wind auf der Gr\u00fcn-Wei\u00dfen B\u00fchne in Berlebeck Arne Seehrich neuer Moderator bei der Gr\u00fcn-Wei\u00dfen-Nacht 2015 Wie in jedem Jahr<\/p>\n","protected":false},"author":1,"featured_media":11175,"comment_status":"closed","ping_status":"closed","sticky":false,"template":"","format":"standard","meta":{"colormag_page_container_layout":"default_layout","colormag_page_sidebar_layout":"default_layout","_lmt_disableupdate":"yes","_lmt_disable":"","pgc_sgb_lightbox_settings":"","footnotes":""},"categories":[1],"tags":[],"class_list":["post-11499","post","type-post","status-publish","format-standard","has-post-thumbnail","hentry","category-archiv"],"yoast_head":"<!-- This site is optimized with the Yoast SEO plugin v27.3 - https:\/\/yoast.com\/product\/yoast-seo-wordpress\/ -->\n<title>Gr\u00fcn Wei\u00dfe Nacht 2015 - Pressemitteilung - Berlebeck<\/title>\n<meta name=\"robots\" content=\"index, follow, max-snippet:-1, max-image-preview:large, max-video-preview:-1\" \/>\n<link rel=\"canonical\" href=\"https:\/\/berlebeck-info.de\/wordpress\/gruen-weisse-nacht-2015-pressemitteilung-2\/archiv\/\" \/>\n<meta property=\"og:locale\" content=\"de_DE\" \/>\n<meta property=\"og:type\" content=\"article\" \/>\n<meta property=\"og:title\" content=\"Gr\u00fcn Wei\u00dfe Nacht 2015 - Pressemitteilung - Berlebeck\" \/>\n<meta property=\"og:description\" content=\"Frischer Wind auf der Gr\u00fcn-Wei\u00dfen B\u00fchne in Berlebeck Arne Seehrich neuer Moderator bei der Gr\u00fcn-Wei\u00dfen-Nacht 2015 Wie in jedem Jahr\" \/>\n<meta property=\"og:url\" content=\"https:\/\/berlebeck-info.de\/wordpress\/gruen-weisse-nacht-2015-pressemitteilung-2\/archiv\/\" \/>\n<meta property=\"og:site_name\" content=\"Berlebeck\" \/>\n<meta property=\"article:published_time\" content=\"2015-01-17T12:06:04+00:00\" \/>\n<meta property=\"article:modified_time\" content=\"2016-01-29T14:24:35+00:00\" \/>\n<meta property=\"og:image\" content=\"https:\/\/berlebeck-info.de\/wp-content\/uploads\/2015\/01\/logo.png\" \/>\n\t<meta property=\"og:image:width\" content=\"283\" \/>\n\t<meta property=\"og:image:height\" content=\"297\" \/>\n\t<meta property=\"og:image:type\" content=\"image\/png\" \/>\n<meta name=\"author\" content=\"Administrator\" \/>\n<meta name=\"twitter:card\" content=\"summary_large_image\" \/>\n<meta name=\"twitter:label1\" content=\"Verfasst von\" \/>\n\t<meta name=\"twitter:data1\" content=\"Administrator\" \/>\n\t<meta name=\"twitter:label2\" content=\"Gesch\u00e4tzte Lesezeit\" \/>\n\t<meta name=\"twitter:data2\" content=\"3\u00a0Minuten\" \/>\n<script type=\"application\/ld+json\" class=\"yoast-schema-graph\">{\"@context\":\"https:\\\/\\\/schema.org\",\"@graph\":[{\"@type\":\"Article\",\"@id\":\"https:\\\/\\\/berlebeck-info.de\\\/wordpress\\\/gruen-weisse-nacht-2015-pressemitteilung-2\\\/archiv\\\/#article\",\"isPartOf\":{\"@id\":\"https:\\\/\\\/berlebeck-info.de\\\/wordpress\\\/gruen-weisse-nacht-2015-pressemitteilung-2\\\/archiv\\\/\"},\"author\":{\"name\":\"Administrator\",\"@id\":\"https:\\\/\\\/berlebeck-info.de\\\/wordpress\\\/#\\\/schema\\\/person\\\/0fa1416ded2d480ef213c688ef31a5bd\"},\"headline\":\"Gr\u00fcn Wei\u00dfe Nacht 2015 &#8211; Pressemitteilung\",\"datePublished\":\"2015-01-17T12:06:04+00:00\",\"dateModified\":\"2016-01-29T14:24:35+00:00\",\"mainEntityOfPage\":{\"@id\":\"https:\\\/\\\/berlebeck-info.de\\\/wordpress\\\/gruen-weisse-nacht-2015-pressemitteilung-2\\\/archiv\\\/\"},\"wordCount\":569,\"image\":{\"@id\":\"https:\\\/\\\/berlebeck-info.de\\\/wordpress\\\/gruen-weisse-nacht-2015-pressemitteilung-2\\\/archiv\\\/#primaryimage\"},\"thumbnailUrl\":\"https:\\\/\\\/berlebeck-info.de\\\/wp-content\\\/uploads\\\/2015\\\/01\\\/logo.png\",\"articleSection\":[\"Archiv\"],\"inLanguage\":\"de\"},{\"@type\":\"WebPage\",\"@id\":\"https:\\\/\\\/berlebeck-info.de\\\/wordpress\\\/gruen-weisse-nacht-2015-pressemitteilung-2\\\/archiv\\\/\",\"url\":\"https:\\\/\\\/berlebeck-info.de\\\/wordpress\\\/gruen-weisse-nacht-2015-pressemitteilung-2\\\/archiv\\\/\",\"name\":\"Gr\u00fcn Wei\u00dfe Nacht 2015 - Pressemitteilung - Berlebeck\",\"isPartOf\":{\"@id\":\"https:\\\/\\\/berlebeck-info.de\\\/wordpress\\\/#website\"},\"primaryImageOfPage\":{\"@id\":\"https:\\\/\\\/berlebeck-info.de\\\/wordpress\\\/gruen-weisse-nacht-2015-pressemitteilung-2\\\/archiv\\\/#primaryimage\"},\"image\":{\"@id\":\"https:\\\/\\\/berlebeck-info.de\\\/wordpress\\\/gruen-weisse-nacht-2015-pressemitteilung-2\\\/archiv\\\/#primaryimage\"},\"thumbnailUrl\":\"https:\\\/\\\/berlebeck-info.de\\\/wp-content\\\/uploads\\\/2015\\\/01\\\/logo.png\",\"datePublished\":\"2015-01-17T12:06:04+00:00\",\"dateModified\":\"2016-01-29T14:24:35+00:00\",\"author\":{\"@id\":\"https:\\\/\\\/berlebeck-info.de\\\/wordpress\\\/#\\\/schema\\\/person\\\/0fa1416ded2d480ef213c688ef31a5bd\"},\"breadcrumb\":{\"@id\":\"https:\\\/\\\/berlebeck-info.de\\\/wordpress\\\/gruen-weisse-nacht-2015-pressemitteilung-2\\\/archiv\\\/#breadcrumb\"},\"inLanguage\":\"de\",\"potentialAction\":[{\"@type\":\"ReadAction\",\"target\":[\"https:\\\/\\\/berlebeck-info.de\\\/wordpress\\\/gruen-weisse-nacht-2015-pressemitteilung-2\\\/archiv\\\/\"]}]},{\"@type\":\"ImageObject\",\"inLanguage\":\"de\",\"@id\":\"https:\\\/\\\/berlebeck-info.de\\\/wordpress\\\/gruen-weisse-nacht-2015-pressemitteilung-2\\\/archiv\\\/#primaryimage\",\"url\":\"https:\\\/\\\/berlebeck-info.de\\\/wp-content\\\/uploads\\\/2015\\\/01\\\/logo.png\",\"contentUrl\":\"https:\\\/\\\/berlebeck-info.de\\\/wp-content\\\/uploads\\\/2015\\\/01\\\/logo.png\",\"width\":283,\"height\":297},{\"@type\":\"BreadcrumbList\",\"@id\":\"https:\\\/\\\/berlebeck-info.de\\\/wordpress\\\/gruen-weisse-nacht-2015-pressemitteilung-2\\\/archiv\\\/#breadcrumb\",\"itemListElement\":[{\"@type\":\"ListItem\",\"position\":1,\"name\":\"Startseite\",\"item\":\"https:\\\/\\\/berlebeck-info.de\\\/wordpress\\\/\"},{\"@type\":\"ListItem\",\"position\":2,\"name\":\"Gr\u00fcn Wei\u00dfe Nacht 2015 &#8211; Pressemitteilung\"}]},{\"@type\":\"WebSite\",\"@id\":\"https:\\\/\\\/berlebeck-info.de\\\/wordpress\\\/#website\",\"url\":\"https:\\\/\\\/berlebeck-info.de\\\/wordpress\\\/\",\"name\":\"Berlebeck\",\"description\":\"News der Berlebecker Homepage frisch aufbereitet f\u00fcr die Mobilen Endger\u00e4te\",\"potentialAction\":[{\"@type\":\"SearchAction\",\"target\":{\"@type\":\"EntryPoint\",\"urlTemplate\":\"https:\\\/\\\/berlebeck-info.de\\\/wordpress\\\/?s={search_term_string}\"},\"query-input\":{\"@type\":\"PropertyValueSpecification\",\"valueRequired\":true,\"valueName\":\"search_term_string\"}}],\"inLanguage\":\"de\"},{\"@type\":\"Person\",\"@id\":\"https:\\\/\\\/berlebeck-info.de\\\/wordpress\\\/#\\\/schema\\\/person\\\/0fa1416ded2d480ef213c688ef31a5bd\",\"name\":\"Administrator\",\"image\":{\"@type\":\"ImageObject\",\"inLanguage\":\"de\",\"@id\":\"https:\\\/\\\/secure.gravatar.com\\\/avatar\\\/19e44f92b9947c70c8027e7546feaebae789ee58621ccc9cadec195a3944495f?s=96&d=mm&r=g\",\"url\":\"https:\\\/\\\/secure.gravatar.com\\\/avatar\\\/19e44f92b9947c70c8027e7546feaebae789ee58621ccc9cadec195a3944495f?s=96&d=mm&r=g\",\"contentUrl\":\"https:\\\/\\\/secure.gravatar.com\\\/avatar\\\/19e44f92b9947c70c8027e7546feaebae789ee58621ccc9cadec195a3944495f?s=96&d=mm&r=g\",\"caption\":\"Administrator\"},\"url\":\"https:\\\/\\\/berlebeck-info.de\\\/wordpress\\\/author\\\/admin\\\/\"}]}<\/script>\n<!-- \/ Yoast SEO plugin. -->","yoast_head_json":{"title":"Gr\u00fcn Wei\u00dfe Nacht 2015 - Pressemitteilung - Berlebeck","robots":{"index":"index","follow":"follow","max-snippet":"max-snippet:-1","max-image-preview":"max-image-preview:large","max-video-preview":"max-video-preview:-1"},"canonical":"https:\/\/berlebeck-info.de\/wordpress\/gruen-weisse-nacht-2015-pressemitteilung-2\/archiv\/","og_locale":"de_DE","og_type":"article","og_title":"Gr\u00fcn Wei\u00dfe Nacht 2015 - Pressemitteilung - Berlebeck","og_description":"Frischer Wind auf der Gr\u00fcn-Wei\u00dfen B\u00fchne in Berlebeck Arne Seehrich neuer Moderator bei der Gr\u00fcn-Wei\u00dfen-Nacht 2015 Wie in jedem Jahr","og_url":"https:\/\/berlebeck-info.de\/wordpress\/gruen-weisse-nacht-2015-pressemitteilung-2\/archiv\/","og_site_name":"Berlebeck","article_published_time":"2015-01-17T12:06:04+00:00","article_modified_time":"2016-01-29T14:24:35+00:00","og_image":[{"width":283,"height":297,"url":"https:\/\/berlebeck-info.de\/wp-content\/uploads\/2015\/01\/logo.png","type":"image\/png"}],"author":"Administrator","twitter_card":"summary_large_image","twitter_misc":{"Verfasst von":"Administrator","Gesch\u00e4tzte Lesezeit":"3\u00a0Minuten"},"schema":{"@context":"https:\/\/schema.org","@graph":[{"@type":"Article","@id":"https:\/\/berlebeck-info.de\/wordpress\/gruen-weisse-nacht-2015-pressemitteilung-2\/archiv\/#article","isPartOf":{"@id":"https:\/\/berlebeck-info.de\/wordpress\/gruen-weisse-nacht-2015-pressemitteilung-2\/archiv\/"},"author":{"name":"Administrator","@id":"https:\/\/berlebeck-info.de\/wordpress\/#\/schema\/person\/0fa1416ded2d480ef213c688ef31a5bd"},"headline":"Gr\u00fcn Wei\u00dfe Nacht 2015 &#8211; Pressemitteilung","datePublished":"2015-01-17T12:06:04+00:00","dateModified":"2016-01-29T14:24:35+00:00","mainEntityOfPage":{"@id":"https:\/\/berlebeck-info.de\/wordpress\/gruen-weisse-nacht-2015-pressemitteilung-2\/archiv\/"},"wordCount":569,"image":{"@id":"https:\/\/berlebeck-info.de\/wordpress\/gruen-weisse-nacht-2015-pressemitteilung-2\/archiv\/#primaryimage"},"thumbnailUrl":"https:\/\/berlebeck-info.de\/wp-content\/uploads\/2015\/01\/logo.png","articleSection":["Archiv"],"inLanguage":"de"},{"@type":"WebPage","@id":"https:\/\/berlebeck-info.de\/wordpress\/gruen-weisse-nacht-2015-pressemitteilung-2\/archiv\/","url":"https:\/\/berlebeck-info.de\/wordpress\/gruen-weisse-nacht-2015-pressemitteilung-2\/archiv\/","name":"Gr\u00fcn Wei\u00dfe Nacht 2015 - Pressemitteilung - Berlebeck","isPartOf":{"@id":"https:\/\/berlebeck-info.de\/wordpress\/#website"},"primaryImageOfPage":{"@id":"https:\/\/berlebeck-info.de\/wordpress\/gruen-weisse-nacht-2015-pressemitteilung-2\/archiv\/#primaryimage"},"image":{"@id":"https:\/\/berlebeck-info.de\/wordpress\/gruen-weisse-nacht-2015-pressemitteilung-2\/archiv\/#primaryimage"},"thumbnailUrl":"https:\/\/berlebeck-info.de\/wp-content\/uploads\/2015\/01\/logo.png","datePublished":"2015-01-17T12:06:04+00:00","dateModified":"2016-01-29T14:24:35+00:00","author":{"@id":"https:\/\/berlebeck-info.de\/wordpress\/#\/schema\/person\/0fa1416ded2d480ef213c688ef31a5bd"},"breadcrumb":{"@id":"https:\/\/berlebeck-info.de\/wordpress\/gruen-weisse-nacht-2015-pressemitteilung-2\/archiv\/#breadcrumb"},"inLanguage":"de","potentialAction":[{"@type":"ReadAction","target":["https:\/\/berlebeck-info.de\/wordpress\/gruen-weisse-nacht-2015-pressemitteilung-2\/archiv\/"]}]},{"@type":"ImageObject","inLanguage":"de","@id":"https:\/\/berlebeck-info.de\/wordpress\/gruen-weisse-nacht-2015-pressemitteilung-2\/archiv\/#primaryimage","url":"https:\/\/berlebeck-info.de\/wp-content\/uploads\/2015\/01\/logo.png","contentUrl":"https:\/\/berlebeck-info.de\/wp-content\/uploads\/2015\/01\/logo.png","width":283,"height":297},{"@type":"BreadcrumbList","@id":"https:\/\/berlebeck-info.de\/wordpress\/gruen-weisse-nacht-2015-pressemitteilung-2\/archiv\/#breadcrumb","itemListElement":[{"@type":"ListItem","position":1,"name":"Startseite","item":"https:\/\/berlebeck-info.de\/wordpress\/"},{"@type":"ListItem","position":2,"name":"Gr\u00fcn Wei\u00dfe Nacht 2015 &#8211; Pressemitteilung"}]},{"@type":"WebSite","@id":"https:\/\/berlebeck-info.de\/wordpress\/#website","url":"https:\/\/berlebeck-info.de\/wordpress\/","name":"Berlebeck","description":"News der Berlebecker Homepage frisch aufbereitet f\u00fcr die Mobilen Endger\u00e4te","potentialAction":[{"@type":"SearchAction","target":{"@type":"EntryPoint","urlTemplate":"https:\/\/berlebeck-info.de\/wordpress\/?s={search_term_string}"},"query-input":{"@type":"PropertyValueSpecification","valueRequired":true,"valueName":"search_term_string"}}],"inLanguage":"de"},{"@type":"Person","@id":"https:\/\/berlebeck-info.de\/wordpress\/#\/schema\/person\/0fa1416ded2d480ef213c688ef31a5bd","name":"Administrator","image":{"@type":"ImageObject","inLanguage":"de","@id":"https:\/\/secure.gravatar.com\/avatar\/19e44f92b9947c70c8027e7546feaebae789ee58621ccc9cadec195a3944495f?s=96&d=mm&r=g","url":"https:\/\/secure.gravatar.com\/avatar\/19e44f92b9947c70c8027e7546feaebae789ee58621ccc9cadec195a3944495f?s=96&d=mm&r=g","contentUrl":"https:\/\/secure.gravatar.com\/avatar\/19e44f92b9947c70c8027e7546feaebae789ee58621ccc9cadec195a3944495f?s=96&d=mm&r=g","caption":"Administrator"},"url":"https:\/\/berlebeck-info.de\/wordpress\/author\/admin\/"}]}},"modified_by":"Administrator","publishpress_future_action":{"enabled":false,"date":"2026-05-08 01:02:55","action":"category","newStatus":"draft","terms":[1],"taxonomy":"category","extraData":[]},"publishpress_future_workflow_manual_trigger":{"enabledWorkflows":[]},"_links":{"self":[{"href":"https:\/\/berlebeck-info.de\/wordpress\/wp-json\/wp\/v2\/posts\/11499","targetHints":{"allow":["GET"]}}],"collection":[{"href":"https:\/\/berlebeck-info.de\/wordpress\/wp-json\/wp\/v2\/posts"}],"about":[{"href":"https:\/\/berlebeck-info.de\/wordpress\/wp-json\/wp\/v2\/types\/post"}],"author":[{"embeddable":true,"href":"https:\/\/berlebeck-info.de\/wordpress\/wp-json\/wp\/v2\/users\/1"}],"replies":[{"embeddable":true,"href":"https:\/\/berlebeck-info.de\/wordpress\/wp-json\/wp\/v2\/comments?post=11499"}],"version-history":[{"count":3,"href":"https:\/\/berlebeck-info.de\/wordpress\/wp-json\/wp\/v2\/posts\/11499\/revisions"}],"predecessor-version":[{"id":12625,"href":"https:\/\/berlebeck-info.de\/wordpress\/wp-json\/wp\/v2\/posts\/11499\/revisions\/12625"}],"wp:featuredmedia":[{"embeddable":true,"href":"https:\/\/berlebeck-info.de\/wordpress\/wp-json\/wp\/v2\/media\/11175"}],"wp:attachment":[{"href":"https:\/\/berlebeck-info.de\/wordpress\/wp-json\/wp\/v2\/media?parent=11499"}],"wp:term":[{"taxonomy":"category","embeddable":true,"href":"https:\/\/berlebeck-info.de\/wordpress\/wp-json\/wp\/v2\/categories?post=11499"},{"taxonomy":"post_tag","embeddable":true,"href":"https:\/\/berlebeck-info.de\/wordpress\/wp-json\/wp\/v2\/tags?post=11499"}],"curies":[{"name":"wp","href":"https:\/\/api.w.org\/{rel}","templated":true}]}}